{"id":285,"date":"2023-04-30T18:43:20","date_gmt":"2023-04-30T16:43:20","guid":{"rendered":"https:\/\/nwjjv-jugend.de\/wordpress\/?p=285"},"modified":"2023-04-30T18:43:20","modified_gmt":"2023-04-30T16:43:20","slug":"bundesjugendlehrgang-2023","status":"publish","type":"post","link":"https:\/\/nwjjv-jugend.de\/wordpress\/2023\/04\/30\/bundesjugendlehrgang-2023\/","title":{"rendered":"Bundesjugendlehrgang 2023"},"content":{"rendered":"\n<figure class=\"wp-block-gallery has-nested-images columns-default is-cropped wp-block-gallery-1 is-layout-flex wp-block-gallery-is-layout-flex\">\n<figure class=\"wp-block-image size-large\"><img loading=\"lazy\" decoding=\"async\" width=\"1024\" height=\"475\" data-id=\"289\" src=\"https:\/\/nwjjv-jugend.de\/wordpress\/wp-content\/uploads\/2023\/04\/IMG_3679photo-full-1-1024x475.jpg\" alt=\"\" class=\"wp-image-289\" srcset=\"https:\/\/nwjjv-jugend.de\/wordpress\/wp-content\/uploads\/2023\/04\/IMG_3679photo-full-1-1024x475.jpg 1024w, https:\/\/nwjjv-jugend.de\/wordpress\/wp-content\/uploads\/2023\/04\/IMG_3679photo-full-1-300x139.jpg 300w, https:\/\/nwjjv-jugend.de\/wordpress\/wp-content\/uploads\/2023\/04\/IMG_3679photo-full-1-768x356.jpg 768w, https:\/\/nwjjv-jugend.de\/wordpress\/wp-content\/uploads\/2023\/04\/IMG_3679photo-full-1.jpg 1063w\" sizes=\"auto, (max-width: 1024px) 100vw, 1024px\" \/><\/figure>\n\n\n\n<figure class=\"wp-block-image size-large\"><img loading=\"lazy\" decoding=\"async\" width=\"1024\" height=\"1024\" data-id=\"288\" src=\"https:\/\/nwjjv-jugend.de\/wordpress\/wp-content\/uploads\/2023\/04\/IMG_3680photo-1-1024x1024.jpg\" alt=\"\" class=\"wp-image-288\" srcset=\"https:\/\/nwjjv-jugend.de\/wordpress\/wp-content\/uploads\/2023\/04\/IMG_3680photo-1-1024x1024.jpg 1024w, https:\/\/nwjjv-jugend.de\/wordpress\/wp-content\/uploads\/2023\/04\/IMG_3680photo-1-300x300.jpg 300w, https:\/\/nwjjv-jugend.de\/wordpress\/wp-content\/uploads\/2023\/04\/IMG_3680photo-1-150x150.jpg 150w, https:\/\/nwjjv-jugend.de\/wordpress\/wp-content\/uploads\/2023\/04\/IMG_3680photo-1-768x768.jpg 768w, https:\/\/nwjjv-jugend.de\/wordpress\/wp-content\/uploads\/2023\/04\/IMG_3680photo-1.jpg 1080w\" sizes=\"auto, (max-width: 1024px) 100vw, 1024px\" \/><\/figure>\n\n\n\n<figure class=\"wp-block-image size-large\"><img loading=\"lazy\" decoding=\"async\" width=\"768\" height=\"1024\" data-id=\"290\" src=\"https:\/\/nwjjv-jugend.de\/wordpress\/wp-content\/uploads\/2023\/04\/IMG_3686photo-768x1024.jpg\" alt=\"\" class=\"wp-image-290\" srcset=\"https:\/\/nwjjv-jugend.de\/wordpress\/wp-content\/uploads\/2023\/04\/IMG_3686photo-768x1024.jpg 768w, https:\/\/nwjjv-jugend.de\/wordpress\/wp-content\/uploads\/2023\/04\/IMG_3686photo-225x300.jpg 225w, https:\/\/nwjjv-jugend.de\/wordpress\/wp-content\/uploads\/2023\/04\/IMG_3686photo-1152x1536.jpg 1152w, https:\/\/nwjjv-jugend.de\/wordpress\/wp-content\/uploads\/2023\/04\/IMG_3686photo.jpg 1512w\" sizes=\"auto, (max-width: 768px) 100vw, 768px\" \/><\/figure>\n\n\n\n<figure class=\"wp-block-image size-large\"><img loading=\"lazy\" decoding=\"async\" width=\"768\" height=\"1024\" data-id=\"291\" src=\"https:\/\/nwjjv-jugend.de\/wordpress\/wp-content\/uploads\/2023\/04\/IMG_3688photo-768x1024.jpg\" alt=\"\" class=\"wp-image-291\" srcset=\"https:\/\/nwjjv-jugend.de\/wordpress\/wp-content\/uploads\/2023\/04\/IMG_3688photo-768x1024.jpg 768w, https:\/\/nwjjv-jugend.de\/wordpress\/wp-content\/uploads\/2023\/04\/IMG_3688photo-225x300.jpg 225w, https:\/\/nwjjv-jugend.de\/wordpress\/wp-content\/uploads\/2023\/04\/IMG_3688photo-1152x1536.jpg 1152w, https:\/\/nwjjv-jugend.de\/wordpress\/wp-content\/uploads\/2023\/04\/IMG_3688photo-1536x2048.jpg 1536w, https:\/\/nwjjv-jugend.de\/wordpress\/wp-content\/uploads\/2023\/04\/IMG_3688photo-scaled.jpg 1920w\" sizes=\"auto, (max-width: 768px) 100vw, 768px\" \/><\/figure>\n\n\n\n<figure class=\"wp-block-image size-large\"><img loading=\"lazy\" decoding=\"async\" width=\"640\" height=\"1024\" data-id=\"292\" src=\"https:\/\/nwjjv-jugend.de\/wordpress\/wp-content\/uploads\/2023\/04\/IMG_3684photo-full-640x1024.jpg\" alt=\"\" class=\"wp-image-292\" srcset=\"https:\/\/nwjjv-jugend.de\/wordpress\/wp-content\/uploads\/2023\/04\/IMG_3684photo-full-640x1024.jpg 640w, https:\/\/nwjjv-jugend.de\/wordpress\/wp-content\/uploads\/2023\/04\/IMG_3684photo-full-188x300.jpg 188w, https:\/\/nwjjv-jugend.de\/wordpress\/wp-content\/uploads\/2023\/04\/IMG_3684photo-full-768x1228.jpg 768w, https:\/\/nwjjv-jugend.de\/wordpress\/wp-content\/uploads\/2023\/04\/IMG_3684photo-full-960x1536.jpg 960w, https:\/\/nwjjv-jugend.de\/wordpress\/wp-content\/uploads\/2023\/04\/IMG_3684photo-full.jpg 1153w\" sizes=\"auto, (max-width: 640px) 100vw, 640px\" \/><\/figure>\n<\/figure>\n\n\n\n<p>Am Samstag, 29. April 2023, trafen sich 55 Kinder beim gr\u00f6\u00dften <strong>&#8222;Bundesjugendlehrgang Pet-Patches 2023&#8220; <\/strong>in Deutschland.<br>Der Bezirk Aachen, hier der PTSV als Ausrichter, kamen dabei an seine Kapazit\u00e4tsgrenzen.<br><strong>Kathrin Herbst<\/strong>, Bundesteam BJJ und Pet Patches- Fachfrau im DJJV, und <strong>Alexander Sak<\/strong>, 3facher Weltmeister im BJJ und Landesreferent NWJJV, referierten gemeinsam. Sie konnten die Kinder, schlie\u00dflich f\u00fcnfundf\u00fcnfzig in Worten, \u00fcber die gesamte Zeit begeistern. <strong>Jule<\/strong>, unser gr\u00fcnes Maskottchen, half nat\u00fcrlich auch tatkr\u00e4ftig mit.<br>Erst Technik lernen und dann im Boden-Randori die gelernten Techniken anwenden.<\/p>\n\n\n\n<p>So war der Plan.<\/p>\n\n\n\n<p class=\"has-text-align-left\">Am Ende waren alle begeistert.<br>Die Referenten \u00fcber die Motivation der Kinder und die Kinder, \u00fcber Urkunde &amp; Patch (Aufn\u00e4her). <strong>Es gibt nun 55 neue &#8222;Sparring Spatzen&#8220;.<\/strong><br><br>Danke an die Referenten und an die Helfer im Hintergrund.<\/p>\n\n\n\n<p class=\"has-text-align-right\"><br>Bilder: Social-Media-Referentin Tessa Hennings<br>Text: Andreas Dern<\/p>\n\n\n\n<p class=\"has-text-align-right\"><\/p>\n\n\n\n<p><br><\/p>\n","protected":false},"excerpt":{"rendered":"<p>Am Samstag, 29. April 2023, trafen sich 55 Kinder beim gr\u00f6\u00dften &#8222;Bundesjugendlehrgang Pet-Patches 2023&#8220; in Deutschland.Der Bezirk Aachen, hier der PTSV als Ausrichter, kamen dabei an seine Kapazit\u00e4tsgrenzen.Kathrin Herbst, Bundesteam &hellip; <a href=\"https:\/\/nwjjv-jugend.de\/wordpress\/2023\/04\/30\/bundesjugendlehrgang-2023\/\" class=\"more-link\"><span class=\"screen-reader-text\">Bundesjugendlehrgang 2023<\/span> weiterlesen<\/a><\/p>\n","protected":false},"author":2,"featured_media":0,"comment_status":"closed","ping_status":"open","sticky":false,"template":"","format":"standard","meta":{"footnotes":""},"categories":[3],"tags":[],"class_list":["post-285","post","type-post","status-publish","format-standard","hentry","category-news"],"_links":{"self":[{"href":"https:\/\/nwjjv-jugend.de\/wordpress\/wp-json\/wp\/v2\/posts\/285","targetHints":{"allow":["GET"]}}],"collection":[{"href":"https:\/\/nwjjv-jugend.de\/wordpress\/wp-json\/wp\/v2\/posts"}],"about":[{"href":"https:\/\/nwjjv-jugend.de\/wordpress\/wp-json\/wp\/v2\/types\/post"}],"author":[{"embeddable":true,"href":"https:\/\/nwjjv-jugend.de\/wordpress\/wp-json\/wp\/v2\/users\/2"}],"replies":[{"embeddable":true,"href":"https:\/\/nwjjv-jugend.de\/wordpress\/wp-json\/wp\/v2\/comments?post=285"}],"version-history":[{"count":4,"href":"https:\/\/nwjjv-jugend.de\/wordpress\/wp-json\/wp\/v2\/posts\/285\/revisions"}],"predecessor-version":[{"id":296,"href":"https:\/\/nwjjv-jugend.de\/wordpress\/wp-json\/wp\/v2\/posts\/285\/revisions\/296"}],"wp:attachment":[{"href":"https:\/\/nwjjv-jugend.de\/wordpress\/wp-json\/wp\/v2\/media?parent=285"}],"wp:term":[{"taxonomy":"category","embeddable":true,"href":"https:\/\/nwjjv-jugend.de\/wordpress\/wp-json\/wp\/v2\/categories?post=285"},{"taxonomy":"post_tag","embeddable":true,"href":"https:\/\/nwjjv-jugend.de\/wordpress\/wp-json\/wp\/v2\/tags?post=285"}],"curies":[{"name":"wp","href":"https:\/\/api.w.org\/{rel}","templated":true}]}}