{"id":297,"date":"2023-04-30T18:58:40","date_gmt":"2023-04-30T16:58:40","guid":{"rendered":"https:\/\/nwjjv-jugend.de\/wordpress\/?p=297"},"modified":"2023-04-30T18:58:40","modified_gmt":"2023-04-30T16:58:40","slug":"jugendtrainerfortbildung-2023","status":"publish","type":"post","link":"https:\/\/nwjjv-jugend.de\/wordpress\/2023\/04\/30\/jugendtrainerfortbildung-2023\/","title":{"rendered":"Jugendtrainerfortbildung 2023"},"content":{"rendered":"\n<figure class=\"wp-block-gallery has-nested-images columns-default is-cropped wp-block-gallery-1 is-layout-flex wp-block-gallery-is-layout-flex\">\n<figure class=\"wp-block-image size-large\"><img loading=\"lazy\" decoding=\"async\" width=\"1024\" height=\"685\" data-id=\"301\" src=\"https:\/\/nwjjv-jugend.de\/wordpress\/wp-content\/uploads\/2023\/04\/IMG_3681photo-1024x685.jpg\" alt=\"\" class=\"wp-image-301\" srcset=\"https:\/\/nwjjv-jugend.de\/wordpress\/wp-content\/uploads\/2023\/04\/IMG_3681photo-1024x685.jpg 1024w, https:\/\/nwjjv-jugend.de\/wordpress\/wp-content\/uploads\/2023\/04\/IMG_3681photo-300x201.jpg 300w, https:\/\/nwjjv-jugend.de\/wordpress\/wp-content\/uploads\/2023\/04\/IMG_3681photo-768x514.jpg 768w, https:\/\/nwjjv-jugend.de\/wordpress\/wp-content\/uploads\/2023\/04\/IMG_3681photo-1536x1028.jpg 1536w, https:\/\/nwjjv-jugend.de\/wordpress\/wp-content\/uploads\/2023\/04\/IMG_3681photo.jpg 1936w\" sizes=\"auto, (max-width: 1024px) 100vw, 1024px\" \/><\/figure>\n\n\n\n<figure class=\"wp-block-image size-large\"><img loading=\"lazy\" decoding=\"async\" width=\"1024\" height=\"768\" data-id=\"300\" src=\"https:\/\/nwjjv-jugend.de\/wordpress\/wp-content\/uploads\/2023\/04\/IMG_3683photo-1024x768.jpg\" alt=\"\" class=\"wp-image-300\" srcset=\"https:\/\/nwjjv-jugend.de\/wordpress\/wp-content\/uploads\/2023\/04\/IMG_3683photo-1024x768.jpg 1024w, https:\/\/nwjjv-jugend.de\/wordpress\/wp-content\/uploads\/2023\/04\/IMG_3683photo-300x225.jpg 300w, https:\/\/nwjjv-jugend.de\/wordpress\/wp-content\/uploads\/2023\/04\/IMG_3683photo-768x576.jpg 768w, https:\/\/nwjjv-jugend.de\/wordpress\/wp-content\/uploads\/2023\/04\/IMG_3683photo-1536x1152.jpg 1536w, https:\/\/nwjjv-jugend.de\/wordpress\/wp-content\/uploads\/2023\/04\/IMG_3683photo.jpg 2016w\" sizes=\"auto, (max-width: 1024px) 100vw, 1024px\" \/><\/figure>\n\n\n\n<figure class=\"wp-block-image size-large\"><img loading=\"lazy\" decoding=\"async\" width=\"1024\" height=\"768\" data-id=\"299\" src=\"https:\/\/nwjjv-jugend.de\/wordpress\/wp-content\/uploads\/2023\/04\/IMG_3685photo-1024x768.jpg\" alt=\"\" class=\"wp-image-299\" srcset=\"https:\/\/nwjjv-jugend.de\/wordpress\/wp-content\/uploads\/2023\/04\/IMG_3685photo-1024x768.jpg 1024w, https:\/\/nwjjv-jugend.de\/wordpress\/wp-content\/uploads\/2023\/04\/IMG_3685photo-300x225.jpg 300w, https:\/\/nwjjv-jugend.de\/wordpress\/wp-content\/uploads\/2023\/04\/IMG_3685photo-768x576.jpg 768w, https:\/\/nwjjv-jugend.de\/wordpress\/wp-content\/uploads\/2023\/04\/IMG_3685photo-1536x1152.jpg 1536w, https:\/\/nwjjv-jugend.de\/wordpress\/wp-content\/uploads\/2023\/04\/IMG_3685photo.jpg 2016w\" sizes=\"auto, (max-width: 1024px) 100vw, 1024px\" \/><\/figure>\n<\/figure>\n\n\n\n<p>Am Samstag, 29. April 2023, vor dem Bundesjugendlehrgang , trafen sich Mitglieder des Vorstandes NWJJV und Jugendtrainer aus den Vereinen im Bezirk Aachen plus sogar einem Vertreter aus Lemgo, f\u00fcr eine <strong>Fortbildung<\/strong> des besonderen Art.<br>Alles waren gespannt, was <strong>Kathrin Herbst<\/strong>, BJJ-Referentin und Fachfrau f\u00fcr Pet-Patches im DJJV, \u00fcber die M\u00f6glichkeit von <strong>&#8222;Pet-Patches&#8220;<\/strong> referiert. <br>Kathrin zog alle in ihren Bann und begeisterte sie, f\u00fcr die zus\u00e4tzlichen Kompetenzen Boden im Ju-Jutsu.<br>Der Sinn und die Idee der <strong>Pet-Patches &#8211; Bewegungskompetenz am Boden f\u00f6rdern<\/strong> <strong>&#8211; <\/strong>, kam an. Es wurden alle 7 Patches besprochen, die Abnahmebedingungen er\u00f6rtert und offene Fragen kompetent beantwortet.<br><br>Im anschlie\u00dfenden Bundesjugendlehrgang konnte man die praktische Seite der Pet-Patches erleben.<br><br>Danke an Kathrin und die Helfer im Hintergrund.<\/p>\n\n\n\n<p class=\"has-text-align-right\">Bilder: Social-Media-Referentin Tessa Hennings<br>Text: Andreas Dern<\/p>\n\n\n\n<p><br><\/p>\n","protected":false},"excerpt":{"rendered":"<p>Am Samstag, 29. April 2023, vor dem Bundesjugendlehrgang , trafen sich Mitglieder des Vorstandes NWJJV und Jugendtrainer aus den Vereinen im Bezirk Aachen plus sogar einem Vertreter aus Lemgo, f\u00fcr &hellip; <a href=\"https:\/\/nwjjv-jugend.de\/wordpress\/2023\/04\/30\/jugendtrainerfortbildung-2023\/\" class=\"more-link\"><span class=\"screen-reader-text\">Jugendtrainerfortbildung 2023<\/span> weiterlesen<\/a><\/p>\n","protected":false},"author":2,"featured_media":0,"comment_status":"closed","ping_status":"open","sticky":false,"template":"","format":"standard","meta":{"footnotes":""},"categories":[3],"tags":[],"class_list":["post-297","post","type-post","status-publish","format-standard","hentry","category-news"],"_links":{"self":[{"href":"https:\/\/nwjjv-jugend.de\/wordpress\/wp-json\/wp\/v2\/posts\/297","targetHints":{"allow":["GET"]}}],"collection":[{"href":"https:\/\/nwjjv-jugend.de\/wordpress\/wp-json\/wp\/v2\/posts"}],"about":[{"href":"https:\/\/nwjjv-jugend.de\/wordpress\/wp-json\/wp\/v2\/types\/post"}],"author":[{"embeddable":true,"href":"https:\/\/nwjjv-jugend.de\/wordpress\/wp-json\/wp\/v2\/users\/2"}],"replies":[{"embeddable":true,"href":"https:\/\/nwjjv-jugend.de\/wordpress\/wp-json\/wp\/v2\/comments?post=297"}],"version-history":[{"count":2,"href":"https:\/\/nwjjv-jugend.de\/wordpress\/wp-json\/wp\/v2\/posts\/297\/revisions"}],"predecessor-version":[{"id":303,"href":"https:\/\/nwjjv-jugend.de\/wordpress\/wp-json\/wp\/v2\/posts\/297\/revisions\/303"}],"wp:attachment":[{"href":"https:\/\/nwjjv-jugend.de\/wordpress\/wp-json\/wp\/v2\/media?parent=297"}],"wp:term":[{"taxonomy":"category","embeddable":true,"href":"https:\/\/nwjjv-jugend.de\/wordpress\/wp-json\/wp\/v2\/categories?post=297"},{"taxonomy":"post_tag","embeddable":true,"href":"https:\/\/nwjjv-jugend.de\/wordpress\/wp-json\/wp\/v2\/tags?post=297"}],"curies":[{"name":"wp","href":"https:\/\/api.w.org\/{rel}","templated":true}]}}