{"id":308,"date":"2023-05-15T16:19:37","date_gmt":"2023-05-15T14:19:37","guid":{"rendered":"https:\/\/nwjjv-jugend.de\/wordpress\/?p=308"},"modified":"2023-05-15T16:19:38","modified_gmt":"2023-05-15T14:19:38","slug":"muttertag-und-ju-jutsu-eine-gute-mischung","status":"publish","type":"post","link":"https:\/\/nwjjv-jugend.de\/wordpress\/2023\/05\/15\/muttertag-und-ju-jutsu-eine-gute-mischung\/","title":{"rendered":"Muttertag und Ju-Jutsu eine gute Mischung?"},"content":{"rendered":"\n<figure class=\"wp-block-gallery has-nested-images columns-default is-cropped wp-block-gallery-1 is-layout-flex wp-block-gallery-is-layout-flex\">\n<figure class=\"wp-block-image size-large\"><img loading=\"lazy\" decoding=\"async\" width=\"1024\" height=\"768\" data-id=\"309\" src=\"https:\/\/nwjjv-jugend.de\/wordpress\/wp-content\/uploads\/2023\/05\/IMG_6887-1024x768.jpg\" alt=\"\" class=\"wp-image-309\" srcset=\"https:\/\/nwjjv-jugend.de\/wordpress\/wp-content\/uploads\/2023\/05\/IMG_6887-1024x768.jpg 1024w, https:\/\/nwjjv-jugend.de\/wordpress\/wp-content\/uploads\/2023\/05\/IMG_6887-300x225.jpg 300w, https:\/\/nwjjv-jugend.de\/wordpress\/wp-content\/uploads\/2023\/05\/IMG_6887-768x576.jpg 768w, https:\/\/nwjjv-jugend.de\/wordpress\/wp-content\/uploads\/2023\/05\/IMG_6887-1536x1152.jpg 1536w, https:\/\/nwjjv-jugend.de\/wordpress\/wp-content\/uploads\/2023\/05\/IMG_6887.jpg 1632w\" sizes=\"auto, (max-width: 1024px) 100vw, 1024px\" \/><\/figure>\n\n\n\n<figure class=\"wp-block-image size-large\"><img loading=\"lazy\" decoding=\"async\" width=\"1024\" height=\"485\" data-id=\"310\" src=\"https:\/\/nwjjv-jugend.de\/wordpress\/wp-content\/uploads\/2023\/05\/IMG_7061-1024x485.jpg\" alt=\"\" class=\"wp-image-310\" srcset=\"https:\/\/nwjjv-jugend.de\/wordpress\/wp-content\/uploads\/2023\/05\/IMG_7061-1024x485.jpg 1024w, https:\/\/nwjjv-jugend.de\/wordpress\/wp-content\/uploads\/2023\/05\/IMG_7061-300x142.jpg 300w, https:\/\/nwjjv-jugend.de\/wordpress\/wp-content\/uploads\/2023\/05\/IMG_7061-768x364.jpg 768w, https:\/\/nwjjv-jugend.de\/wordpress\/wp-content\/uploads\/2023\/05\/IMG_7061-1536x728.jpg 1536w, https:\/\/nwjjv-jugend.de\/wordpress\/wp-content\/uploads\/2023\/05\/IMG_7061.jpg 2015w\" sizes=\"auto, (max-width: 1024px) 100vw, 1024px\" \/><\/figure>\n\n\n\n<figure class=\"wp-block-image size-large\"><img loading=\"lazy\" decoding=\"async\" width=\"1024\" height=\"437\" data-id=\"311\" src=\"https:\/\/nwjjv-jugend.de\/wordpress\/wp-content\/uploads\/2023\/05\/IMG_7063-1024x437.jpg\" alt=\"\" class=\"wp-image-311\" srcset=\"https:\/\/nwjjv-jugend.de\/wordpress\/wp-content\/uploads\/2023\/05\/IMG_7063-1024x437.jpg 1024w, https:\/\/nwjjv-jugend.de\/wordpress\/wp-content\/uploads\/2023\/05\/IMG_7063-300x128.jpg 300w, https:\/\/nwjjv-jugend.de\/wordpress\/wp-content\/uploads\/2023\/05\/IMG_7063-768x327.jpg 768w, https:\/\/nwjjv-jugend.de\/wordpress\/wp-content\/uploads\/2023\/05\/IMG_7063-1536x655.jpg 1536w, https:\/\/nwjjv-jugend.de\/wordpress\/wp-content\/uploads\/2023\/05\/IMG_7063.jpg 2015w\" sizes=\"auto, (max-width: 1024px) 100vw, 1024px\" \/><\/figure>\n<\/figure>\n\n\n\n<p>Am 14. Mai fand im Littfelder Dojo ein Landelehrgang Jugendunter der Leitung von <strong>Sascha Wege<\/strong> (3.Dan Ju-Jutsu, TV Littfeld) und <strong>Bernd Bals<\/strong> (2.Dan Ju-Jutsu, TV Eichen) statt.<\/p>\n\n\n\n<p>Auch wenn es Muttertag war, fanden sich 52 Teilnehmer zu diesem Lehrgang ein.<\/p>\n\n\n\n<p>Nach der Begr\u00fc\u00dfung durch die beiden Referenten, brachten Bernd und Sascha die Kids auf Betriebstemperatur und als diese erreicht war, \u00fcbernahm Sascha die Kids und Stieg ins Thema Atemitechniken ein.<\/p>\n\n\n\n<p>Nach und nach baute Sascha verschiedene Atemitechniken in verschiedenen Schwierigkeitsgraden und Kombination auf die von den Teilnehmern flei\u00dfig trainiert wurden.<\/p>\n\n\n\n<p>Auf die Frage, ob jemand die Techniken zeigen wolle, gab es viele Meldungen und die Kids Pr\u00e4sentierten stolz das erlernte. Auch die anwesenden Vereinstrainer konnten f\u00fcr ihr Training Anregungen mit nach Hause nehmen.<\/p>\n\n\n\n<p>Am Ende wurden Bernd und Sascha mit gro\u00dfem Applaus verabschiedet und die beiden bedankten sich bei den Kids und auch bei den zahlreich anwesenden M\u00fcttern und w\u00fcnschten einen sch\u00f6nen Muttertag.<\/p>\n\n\n\n<p class=\"has-text-align-right\">Bilder &amp; Text <br>Ju-Jutsu Team Littfeld<\/p>\n","protected":false},"excerpt":{"rendered":"<p>Am 14. Mai fand im Littfelder Dojo ein Landelehrgang Jugendunter der Leitung von Sascha Wege (3.Dan Ju-Jutsu, TV Littfeld) und Bernd Bals (2.Dan Ju-Jutsu, TV Eichen) statt. Auch wenn es &hellip; <a href=\"https:\/\/nwjjv-jugend.de\/wordpress\/2023\/05\/15\/muttertag-und-ju-jutsu-eine-gute-mischung\/\" class=\"more-link\"><span class=\"screen-reader-text\">Muttertag und Ju-Jutsu eine gute Mischung?<\/span> weiterlesen<\/a><\/p>\n","protected":false},"author":2,"featured_media":0,"comment_status":"closed","ping_status":"open","sticky":false,"template":"","format":"standard","meta":{"footnotes":""},"categories":[3],"tags":[],"class_list":["post-308","post","type-post","status-publish","format-standard","hentry","category-news"],"_links":{"self":[{"href":"https:\/\/nwjjv-jugend.de\/wordpress\/wp-json\/wp\/v2\/posts\/308","targetHints":{"allow":["GET"]}}],"collection":[{"href":"https:\/\/nwjjv-jugend.de\/wordpress\/wp-json\/wp\/v2\/posts"}],"about":[{"href":"https:\/\/nwjjv-jugend.de\/wordpress\/wp-json\/wp\/v2\/types\/post"}],"author":[{"embeddable":true,"href":"https:\/\/nwjjv-jugend.de\/wordpress\/wp-json\/wp\/v2\/users\/2"}],"replies":[{"embeddable":true,"href":"https:\/\/nwjjv-jugend.de\/wordpress\/wp-json\/wp\/v2\/comments?post=308"}],"version-history":[{"count":2,"href":"https:\/\/nwjjv-jugend.de\/wordpress\/wp-json\/wp\/v2\/posts\/308\/revisions"}],"predecessor-version":[{"id":313,"href":"https:\/\/nwjjv-jugend.de\/wordpress\/wp-json\/wp\/v2\/posts\/308\/revisions\/313"}],"wp:attachment":[{"href":"https:\/\/nwjjv-jugend.de\/wordpress\/wp-json\/wp\/v2\/media?parent=308"}],"wp:term":[{"taxonomy":"category","embeddable":true,"href":"https:\/\/nwjjv-jugend.de\/wordpress\/wp-json\/wp\/v2\/categories?post=308"},{"taxonomy":"post_tag","embeddable":true,"href":"https:\/\/nwjjv-jugend.de\/wordpress\/wp-json\/wp\/v2\/tags?post=308"}],"curies":[{"name":"wp","href":"https:\/\/api.w.org\/{rel}","templated":true}]}}