{"id":472,"date":"2024-05-29T13:26:05","date_gmt":"2024-05-29T11:26:05","guid":{"rendered":"https:\/\/nwjjv-jugend.de\/wordpress\/?p=472"},"modified":"2024-05-29T13:26:05","modified_gmt":"2024-05-29T11:26:05","slug":"duo-mit-den-besten-aus-unserem-bezirk","status":"publish","type":"post","link":"https:\/\/nwjjv-jugend.de\/wordpress\/2024\/05\/29\/duo-mit-den-besten-aus-unserem-bezirk\/","title":{"rendered":"DUO &#8211; mit den Besten aus unserem Bezirk"},"content":{"rendered":"\n<figure class=\"wp-block-gallery has-nested-images columns-default is-cropped wp-block-gallery-1 is-layout-flex wp-block-gallery-is-layout-flex\">\n<figure class=\"wp-block-image size-large\"><img loading=\"lazy\" decoding=\"async\" width=\"1024\" height=\"768\" data-id=\"474\" src=\"https:\/\/nwjjv-jugend.de\/wordpress\/wp-content\/uploads\/2024\/05\/WhatsApp-Image-2024-05-29-at-10.47.39-1024x768.jpeg\" alt=\"\" class=\"wp-image-474\" srcset=\"https:\/\/nwjjv-jugend.de\/wordpress\/wp-content\/uploads\/2024\/05\/WhatsApp-Image-2024-05-29-at-10.47.39-1024x768.jpeg 1024w, https:\/\/nwjjv-jugend.de\/wordpress\/wp-content\/uploads\/2024\/05\/WhatsApp-Image-2024-05-29-at-10.47.39-300x225.jpeg 300w, https:\/\/nwjjv-jugend.de\/wordpress\/wp-content\/uploads\/2024\/05\/WhatsApp-Image-2024-05-29-at-10.47.39-768x576.jpeg 768w, https:\/\/nwjjv-jugend.de\/wordpress\/wp-content\/uploads\/2024\/05\/WhatsApp-Image-2024-05-29-at-10.47.39-1536x1152.jpeg 1536w, https:\/\/nwjjv-jugend.de\/wordpress\/wp-content\/uploads\/2024\/05\/WhatsApp-Image-2024-05-29-at-10.47.39.jpeg 2048w\" sizes=\"auto, (max-width: 1024px) 100vw, 1024px\" \/><\/figure>\n\n\n\n<figure class=\"wp-block-image size-large\"><img loading=\"lazy\" decoding=\"async\" width=\"1024\" height=\"768\" data-id=\"473\" src=\"https:\/\/nwjjv-jugend.de\/wordpress\/wp-content\/uploads\/2024\/05\/WhatsApp-Image-2024-05-29-at-10.48.37-1024x768.jpeg\" alt=\"\" class=\"wp-image-473\" srcset=\"https:\/\/nwjjv-jugend.de\/wordpress\/wp-content\/uploads\/2024\/05\/WhatsApp-Image-2024-05-29-at-10.48.37-1024x768.jpeg 1024w, https:\/\/nwjjv-jugend.de\/wordpress\/wp-content\/uploads\/2024\/05\/WhatsApp-Image-2024-05-29-at-10.48.37-300x225.jpeg 300w, https:\/\/nwjjv-jugend.de\/wordpress\/wp-content\/uploads\/2024\/05\/WhatsApp-Image-2024-05-29-at-10.48.37-768x576.jpeg 768w, https:\/\/nwjjv-jugend.de\/wordpress\/wp-content\/uploads\/2024\/05\/WhatsApp-Image-2024-05-29-at-10.48.37-1536x1152.jpeg 1536w, https:\/\/nwjjv-jugend.de\/wordpress\/wp-content\/uploads\/2024\/05\/WhatsApp-Image-2024-05-29-at-10.48.37.jpeg 2048w\" sizes=\"auto, (max-width: 1024px) 100vw, 1024px\" \/><\/figure>\n\n\n\n<figure class=\"wp-block-image size-large\"><img loading=\"lazy\" decoding=\"async\" width=\"768\" height=\"1024\" data-id=\"475\" src=\"https:\/\/nwjjv-jugend.de\/wordpress\/wp-content\/uploads\/2024\/05\/WhatsApp-Image-2024-05-29-at-10.49.11-768x1024.jpeg\" alt=\"\" class=\"wp-image-475\" srcset=\"https:\/\/nwjjv-jugend.de\/wordpress\/wp-content\/uploads\/2024\/05\/WhatsApp-Image-2024-05-29-at-10.49.11-768x1024.jpeg 768w, https:\/\/nwjjv-jugend.de\/wordpress\/wp-content\/uploads\/2024\/05\/WhatsApp-Image-2024-05-29-at-10.49.11-225x300.jpeg 225w, https:\/\/nwjjv-jugend.de\/wordpress\/wp-content\/uploads\/2024\/05\/WhatsApp-Image-2024-05-29-at-10.49.11-1152x1536.jpeg 1152w, https:\/\/nwjjv-jugend.de\/wordpress\/wp-content\/uploads\/2024\/05\/WhatsApp-Image-2024-05-29-at-10.49.11.jpeg 1536w\" sizes=\"auto, (max-width: 768px) 100vw, 768px\" \/><\/figure>\n<\/figure>\n\n\n\n<p>Am Samstag, den 25. Mai durften wir in Eschweiler die beiden Weltmeisterschafts-Sportlerinnen und mehrfache Deutsche Jugendmeisterinnen im Duo-Wettkampf &#8211; Lara Becker und Marjan Eishanzada &#8211; begr\u00fc\u00dfen.<\/p>\n\n\n\n<p class=\"has-text-align-left\">Seit mehr als 10 Jahren treten die beiden in Wettk\u00e4mpfen an und haben einer Gruppe junger Ju-Jutsukas eine Einf\u00fchrung in die Grundz\u00fcge des Duo-Wettkampfes im Rahmen eines Lehrgangs gegeben. Nach einer kleinen Vorf\u00fchrung wurden Angriffe, Verteidigungen sowie typische Bewegungsformen des Duo-Wettkampfes zun\u00e4chst gezeigt und anschlie\u00dfend kindgerecht \u2013 und mit gro\u00dfem Erfolg \u2013 einge\u00fcbt. Von einer gemeinsamen Atem\u00fcbung bei Schl\u00e4gen bis hin zu Wurftechniken in einer Bewegung wurden verschiedenste Aspekte des Duo-Wettkampfes beleuchtet. Neben den ganzen Techniken kamen aber auch die Spiele nicht zu kurz bei denen die Kinder in direkte Auseinandersetzungen in verschiedenen Formen treten durften. Zum Abschluss konnten die Kinder auch selbst in den Duo-Wettkampf reinschnuppern, mit einer Vorf\u00fchrung der erlernten Techniken, bei der am Ende Alle als Gewinner rausgingen.<br>Vom Budo-Club Samurai Eschweiler und dem NWJJV ein ganz gro\u00dfes Danke an die beiden Referentinnen \u2013 Lara und Marjan &#8211; f\u00fcr den fantastischen Lehrgang und viel Erfolg f\u00fcr die n\u00e4chsten Meisterschaften.<\/p>\n\n\n\n<p class=\"has-text-align-right\"><br>Fotos &amp;Text<br>Bezirksjugendreferent Aachen<br>Markus Hackhausen<\/p>\n\n\n\n<p><\/p>\n","protected":false},"excerpt":{"rendered":"<p>Am Samstag, den 25. Mai durften wir in Eschweiler die beiden Weltmeisterschafts-Sportlerinnen und mehrfache Deutsche Jugendmeisterinnen im Duo-Wettkampf &#8211; Lara Becker und Marjan Eishanzada &#8211; begr\u00fc\u00dfen. Seit mehr als 10 &hellip; <a href=\"https:\/\/nwjjv-jugend.de\/wordpress\/2024\/05\/29\/duo-mit-den-besten-aus-unserem-bezirk\/\" class=\"more-link\"><span class=\"screen-reader-text\">DUO &#8211; mit den Besten aus unserem Bezirk<\/span> weiterlesen<\/a><\/p>\n","protected":false},"author":2,"featured_media":0,"comment_status":"closed","ping_status":"open","sticky":false,"template":"","format":"standard","meta":{"footnotes":""},"categories":[3],"tags":[],"class_list":["post-472","post","type-post","status-publish","format-standard","hentry","category-news"],"_links":{"self":[{"href":"https:\/\/nwjjv-jugend.de\/wordpress\/wp-json\/wp\/v2\/posts\/472","targetHints":{"allow":["GET"]}}],"collection":[{"href":"https:\/\/nwjjv-jugend.de\/wordpress\/wp-json\/wp\/v2\/posts"}],"about":[{"href":"https:\/\/nwjjv-jugend.de\/wordpress\/wp-json\/wp\/v2\/types\/post"}],"author":[{"embeddable":true,"href":"https:\/\/nwjjv-jugend.de\/wordpress\/wp-json\/wp\/v2\/users\/2"}],"replies":[{"embeddable":true,"href":"https:\/\/nwjjv-jugend.de\/wordpress\/wp-json\/wp\/v2\/comments?post=472"}],"version-history":[{"count":2,"href":"https:\/\/nwjjv-jugend.de\/wordpress\/wp-json\/wp\/v2\/posts\/472\/revisions"}],"predecessor-version":[{"id":477,"href":"https:\/\/nwjjv-jugend.de\/wordpress\/wp-json\/wp\/v2\/posts\/472\/revisions\/477"}],"wp:attachment":[{"href":"https:\/\/nwjjv-jugend.de\/wordpress\/wp-json\/wp\/v2\/media?parent=472"}],"wp:term":[{"taxonomy":"category","embeddable":true,"href":"https:\/\/nwjjv-jugend.de\/wordpress\/wp-json\/wp\/v2\/categories?post=472"},{"taxonomy":"post_tag","embeddable":true,"href":"https:\/\/nwjjv-jugend.de\/wordpress\/wp-json\/wp\/v2\/tags?post=472"}],"curies":[{"name":"wp","href":"https:\/\/api.w.org\/{rel}","templated":true}]}}